{"id":1685,"date":"2016-09-05T18:31:08","date_gmt":"2016-09-05T16:31:08","guid":{"rendered":"http:\/\/www.schachclub-heek.de\/?p=1685"},"modified":"2016-09-05T18:31:08","modified_gmt":"2016-09-05T16:31:08","slug":"generalversammlung-des-schachclubs-heek","status":"publish","type":"post","link":"http:\/\/www.schachclub-heek.de\/?p=1685","title":{"rendered":"Generalversammlung des Schachclubs Heek"},"content":{"rendered":"<p>Am 2. September fand die Generalversammlung 2016 des SC Heek 1947 e.V. im Vereinsheim statt. Nach der Begr\u00fc\u00dfung durch den ersten Vorsitzenden Klaus Deitmers gedachte die Versammlung des Verstorbenen Hermann L\u00fcrick. Hermann L\u00fcrick war ein verdientes Mitglied aus den Gr\u00fcndungsjahren des Heeker Schachclubs und im Jahr 2015 verstorben.<\/p>\n<p>Bei der anschlie\u00dfenden Siegerehrung wurde die Leistung von Andreas L\u00f6sing gew\u00fcrdigt, welcher in diesem Jahr alle vier vereinsinternen Seniorentitel gewinnen konnte. Neben der Vereinsmeisterschaft und dem Vereinspokal waren das die Titel des Blitzmeisters und des Schnellschachmeisters.<\/p>\n<p>Eine weitere nennenswerte sportliche Glanzleistung der vergangenen Saison war sicherlich die Leistung von Bernhard Hartmann, welcher mit 8 von 9 Punkten Topscorer in der Bezirksoberliga wurde. Die Pl\u00e4tze vier, f\u00fcnf, sieben und acht gingen ebenfalls an Heeker und zwar an Willi Hollekamp, Christoph L\u00fcrick, Klaus Deitmers und Andreas L\u00f6sing (in dieser Reihenfolge).<br \/>\nF\u00fcr die erste Seniorenmannschaft reichte es damit zu Platz zwei hinter SK Metelen 1 in der Bezirksoberliga. Sportlich lief es in der Saison 2015\/2016, trotz des ungl\u00fccklichen Abstieges der zweiten Seniorenmannschaft aus der Bezirksoberliga, recht erfolgreich.<\/p>\n<p>Nach der Siegerehrung berichteten die Vorstandsmitglieder und die Kassenpr\u00fcfer \u00fcber die vergangene Saison 2015\/2016. Dann wurde der Vorstand einstimmig entlastet und ein neuer Vorstand gew\u00e4hlt. Hier \u00fcbernahm Willi B\u00f6ckers das Amt des ersten Vorsitzenden von Klaus Deitmers, welcher sich aus privaten Gr\u00fcnden nicht der Wiederwahl gestellt hatte. Willi B\u00f6ckers dankte Klaus Deitmers f\u00fcr die geleistete Arbeit und \u00fcbernahm die Leitung der Versammlung.<\/p>\n<p>Mit dem Ausblick auf die Saison 2016\/2017 und einigen Themen unter der Rubrik Verschiedenes beendete der neue erste Vorsitzende die Versammlung und man lie\u00df den Abend in gem\u00fctlicher Runde ausklingen.<\/p>\n<p>&nbsp;<\/p>\n<figure id=\"attachment_1689\" aria-describedby=\"caption-attachment-1689\" style=\"width: 480px\" class=\"wp-caption aligncenter\"><a href=\"http:\/\/www.schachclub-heek.de\/wp-content\/uploads\/2016\/09\/DankAnKlausDeitmers.jpg\"><img decoding=\"async\" loading=\"lazy\" class=\"wp-image-1689 size-large\" src=\"http:\/\/www.schachclub-heek.de\/wp-content\/uploads\/2016\/09\/DankAnKlausDeitmers-480x270.jpg\" alt=\"Willi B\u00f6ckers dankt Klaus Deitmers\" width=\"480\" height=\"270\" srcset=\"http:\/\/www.schachclub-heek.de\/wp-content\/uploads\/2016\/09\/DankAnKlausDeitmers-480x270.jpg 480w, http:\/\/www.schachclub-heek.de\/wp-content\/uploads\/2016\/09\/DankAnKlausDeitmers-300x169.jpg 300w, http:\/\/www.schachclub-heek.de\/wp-content\/uploads\/2016\/09\/DankAnKlausDeitmers-768x432.jpg 768w\" sizes=\"(max-width: 480px) 100vw, 480px\" \/><\/a><figcaption id=\"caption-attachment-1689\" class=\"wp-caption-text\"><span style=\"color: #000000;\">Willi B\u00f6ckers dankt Klaus Deitmers<\/span><\/figcaption><\/figure>\n<figure id=\"attachment_1690\" aria-describedby=\"caption-attachment-1690\" style=\"width: 480px\" class=\"wp-caption aligncenter\"><a href=\"http:\/\/www.schachclub-heek.de\/wp-content\/uploads\/2016\/09\/VereinsmeisterAndreasL\u00f6sing1.jpg\"><img decoding=\"async\" loading=\"lazy\" class=\"wp-image-1690 size-large\" src=\"http:\/\/www.schachclub-heek.de\/wp-content\/uploads\/2016\/09\/VereinsmeisterAndreasL\u00f6sing1-480x270.jpg\" alt=\"Andreas L\u00f6sing - Vereinsmeister, Pokalsieger, Blitzmeister und Schnellschachmeister\" width=\"480\" height=\"270\" srcset=\"http:\/\/www.schachclub-heek.de\/wp-content\/uploads\/2016\/09\/VereinsmeisterAndreasL\u00f6sing1-480x270.jpg 480w, http:\/\/www.schachclub-heek.de\/wp-content\/uploads\/2016\/09\/VereinsmeisterAndreasL\u00f6sing1-300x169.jpg 300w, http:\/\/www.schachclub-heek.de\/wp-content\/uploads\/2016\/09\/VereinsmeisterAndreasL\u00f6sing1-768x432.jpg 768w\" sizes=\"(max-width: 480px) 100vw, 480px\" \/><\/a><figcaption id=\"caption-attachment-1690\" class=\"wp-caption-text\"><span style=\"color: #000000;\">Andreas L\u00f6sing &#8211; Vereinsmeister, Pokalsieger, Blitzmeister und Schnellschachmeister<\/span><\/figcaption><\/figure>\n<figure id=\"attachment_1692\" aria-describedby=\"caption-attachment-1692\" style=\"width: 480px\" class=\"wp-caption aligncenter\"><a href=\"http:\/\/www.schachclub-heek.de\/wp-content\/uploads\/2016\/09\/Versammlung1.jpg\"><img decoding=\"async\" loading=\"lazy\" class=\"wp-image-1692 size-large\" src=\"http:\/\/www.schachclub-heek.de\/wp-content\/uploads\/2016\/09\/Versammlung1-480x270.jpg\" alt=\"Ehrung Andreas L\u00f6sing\" width=\"480\" height=\"270\" srcset=\"http:\/\/www.schachclub-heek.de\/wp-content\/uploads\/2016\/09\/Versammlung1-480x270.jpg 480w, http:\/\/www.schachclub-heek.de\/wp-content\/uploads\/2016\/09\/Versammlung1-300x169.jpg 300w, http:\/\/www.schachclub-heek.de\/wp-content\/uploads\/2016\/09\/Versammlung1-768x432.jpg 768w\" sizes=\"(max-width: 480px) 100vw, 480px\" \/><\/a><figcaption id=\"caption-attachment-1692\" class=\"wp-caption-text\"><span style=\"color: #000000;\">Ehrung Andreas L\u00f6sing<\/span><\/figcaption><\/figure>\n<figure id=\"attachment_1693\" aria-describedby=\"caption-attachment-1693\" style=\"width: 480px\" class=\"wp-caption aligncenter\"><a href=\"http:\/\/www.schachclub-heek.de\/wp-content\/uploads\/2016\/09\/Versammlung2.jpg\"><img decoding=\"async\" loading=\"lazy\" class=\"wp-image-1693 size-large\" src=\"http:\/\/www.schachclub-heek.de\/wp-content\/uploads\/2016\/09\/Versammlung2-480x270.jpg\" alt=\"Versammlung2\" width=\"480\" height=\"270\" srcset=\"http:\/\/www.schachclub-heek.de\/wp-content\/uploads\/2016\/09\/Versammlung2-480x270.jpg 480w, http:\/\/www.schachclub-heek.de\/wp-content\/uploads\/2016\/09\/Versammlung2-300x169.jpg 300w, http:\/\/www.schachclub-heek.de\/wp-content\/uploads\/2016\/09\/Versammlung2-768x432.jpg 768w\" sizes=\"(max-width: 480px) 100vw, 480px\" \/><\/a><figcaption id=\"caption-attachment-1693\" class=\"wp-caption-text\"><span style=\"color: #000000;\">Mitglieder der Versammlung<\/span><\/figcaption><\/figure>\n<figure id=\"attachment_1694\" aria-describedby=\"caption-attachment-1694\" style=\"width: 480px\" class=\"wp-caption aligncenter\"><a href=\"http:\/\/www.schachclub-heek.de\/wp-content\/uploads\/2016\/09\/Versammlung3.jpg\"><img decoding=\"async\" loading=\"lazy\" class=\"wp-image-1694 size-large\" src=\"http:\/\/www.schachclub-heek.de\/wp-content\/uploads\/2016\/09\/Versammlung3-480x270.jpg\" alt=\"Versammlung3\" width=\"480\" height=\"270\" srcset=\"http:\/\/www.schachclub-heek.de\/wp-content\/uploads\/2016\/09\/Versammlung3-480x270.jpg 480w, http:\/\/www.schachclub-heek.de\/wp-content\/uploads\/2016\/09\/Versammlung3-300x169.jpg 300w, http:\/\/www.schachclub-heek.de\/wp-content\/uploads\/2016\/09\/Versammlung3-768x432.jpg 768w\" sizes=\"(max-width: 480px) 100vw, 480px\" \/><\/a><figcaption id=\"caption-attachment-1694\" class=\"wp-caption-text\"><span style=\"color: #000000;\">Mitglieder der Versammlung<\/span><\/figcaption><\/figure>\n<figure id=\"attachment_1695\" aria-describedby=\"caption-attachment-1695\" style=\"width: 480px\" class=\"wp-caption aligncenter\"><a href=\"http:\/\/www.schachclub-heek.de\/wp-content\/uploads\/2016\/09\/Versammlung4.jpg\"><img decoding=\"async\" loading=\"lazy\" class=\"wp-image-1695 size-large\" src=\"http:\/\/www.schachclub-heek.de\/wp-content\/uploads\/2016\/09\/Versammlung4-480x270.jpg\" alt=\"Versammlung4\" width=\"480\" height=\"270\" srcset=\"http:\/\/www.schachclub-heek.de\/wp-content\/uploads\/2016\/09\/Versammlung4-480x270.jpg 480w, http:\/\/www.schachclub-heek.de\/wp-content\/uploads\/2016\/09\/Versammlung4-300x169.jpg 300w, http:\/\/www.schachclub-heek.de\/wp-content\/uploads\/2016\/09\/Versammlung4-768x432.jpg 768w, http:\/\/www.schachclub-heek.de\/wp-content\/uploads\/2016\/09\/Versammlung4.jpg 1920w\" sizes=\"(max-width: 480px) 100vw, 480px\" \/><\/a><figcaption id=\"caption-attachment-1695\" class=\"wp-caption-text\"><span style=\"color: #000000;\">Mitglieder der Versammlung<\/span><\/figcaption><\/figure>\n","protected":false},"excerpt":{"rendered":"<p>Am 2. September fand die Generalversammlung 2016 des SC Heek 1947 e.V. im Vereinsheim statt. Nach der Begr\u00fc\u00dfung durch den ersten Vorsitzenden Klaus Deitmers gedachte die Versammlung des Verstorbenen Hermann L\u00fcrick. Hermann L\u00fcrick war ein verdientes Mitglied aus den Gr\u00fcndungsjahren des Heeker Schachclubs und im Jahr 2015 verstorben. Bei der anschlie\u00dfenden Siegerehrung wurde die Leistung&#8230;<\/p>\n","protected":false},"author":3,"featured_media":0,"comment_status":"open","ping_status":"open","sticky":false,"template":"","format":"standard","meta":[],"categories":[1,4,18],"tags":[76,24,80,45,78,26],"_links":{"self":[{"href":"http:\/\/www.schachclub-heek.de\/index.php?rest_route=\/wp\/v2\/posts\/1685"}],"collection":[{"href":"http:\/\/www.schachclub-heek.de\/index.php?rest_route=\/wp\/v2\/posts"}],"about":[{"href":"http:\/\/www.schachclub-heek.de\/index.php?rest_route=\/wp\/v2\/types\/post"}],"author":[{"embeddable":true,"href":"http:\/\/www.schachclub-heek.de\/index.php?rest_route=\/wp\/v2\/users\/3"}],"replies":[{"embeddable":true,"href":"http:\/\/www.schachclub-heek.de\/index.php?rest_route=%2Fwp%2Fv2%2Fcomments&post=1685"}],"version-history":[{"count":8,"href":"http:\/\/www.schachclub-heek.de\/index.php?rest_route=\/wp\/v2\/posts\/1685\/revisions"}],"predecessor-version":[{"id":1701,"href":"http:\/\/www.schachclub-heek.de\/index.php?rest_route=\/wp\/v2\/posts\/1685\/revisions\/1701"}],"wp:attachment":[{"href":"http:\/\/www.schachclub-heek.de\/index.php?rest_route=%2Fwp%2Fv2%2Fmedia&parent=1685"}],"wp:term":[{"taxonomy":"category","embeddable":true,"href":"http:\/\/www.schachclub-heek.de\/index.php?rest_route=%2Fwp%2Fv2%2Fcategories&post=1685"},{"taxonomy":"post_tag","embeddable":true,"href":"http:\/\/www.schachclub-heek.de\/index.php?rest_route=%2Fwp%2Fv2%2Ftags&post=1685"}],"curies":[{"name":"wp","href":"https:\/\/api.w.org\/{rel}","templated":true}]}}